{"id":917,"date":"2020-06-04T08:39:59","date_gmt":"2020-06-04T11:39:59","guid":{"rendered":"http:\/\/webapp388536.ip-198-58-123-167.cloudezapp.io\/crescendojuntos\/?p=917"},"modified":"2020-06-04T09:13:43","modified_gmt":"2020-06-04T12:13:43","slug":"para-onde-vai-a-taxa-de-juros","status":"publish","type":"post","link":"https:\/\/cefsa.org.br\/crescendojuntos\/para-onde-vai-a-taxa-de-juros\/","title":{"rendered":"Para onde vai a taxa de juros?"},"content":{"rendered":"<p>Na \u00faltima reuni\u00e3o do Comit\u00ea de Pol\u00edtica Monet\u00e1ria (Copom), os membros decidiram de maneira un\u00e2nime reduzir 0,75 pontos da Taxa Selic, nossa taxa b\u00e1sica de juros, passando para 3% ao ano. Mas esse n\u00e3o \u00e9 o menor patamar hist\u00f3rico.<\/p>\n<p>Em novembro de 1997, o mesmo comit\u00ea anunciava uma taxa de juros de 1% ao ano, mas durou pouco, pois 3 meses depois a taxa passava para 34,5% ao ano. Desde ent\u00e3o, essa taxa variou muito, de maneira vol\u00e1til at\u00e9 que novas pol\u00edticas monet\u00e1rias fossem estabelecidas em busca de uma harmonia econ\u00f4mica.<\/p>\n<p>Em 04 de mar\u00e7o de 1999, a taxa atingiu o maior patamar da hist\u00f3ria, 45% ao ano, o que foi corrigido nos meses subsequentes em busca de novamente controlar a infla\u00e7\u00e3o que tinha sido promessa de campanha do ent\u00e3o presidente Fernando Henrique Cardoso. Natural, uma vez que o real ainda era uma moeda nova e muito trabalho havia de ser feito.<\/p>\n<p><img loading=\"lazy\" decoding=\"async\" class=\"aligncenter size-full wp-image-921\" src=\"http:\/\/webapp388536.ip-198-58-123-167.cloudezapp.io\/crescendojuntos\/wp-content\/uploads\/2020\/06\/taxa_selic.png\" alt=\"\" width=\"801\" height=\"509\" srcset=\"https:\/\/cefsa.org.br\/crescendojuntos\/wp-content\/uploads\/2020\/06\/taxa_selic.png 801w, https:\/\/cefsa.org.br\/crescendojuntos\/wp-content\/uploads\/2020\/06\/taxa_selic-300x191.png 300w, https:\/\/cefsa.org.br\/crescendojuntos\/wp-content\/uploads\/2020\/06\/taxa_selic-768x488.png 768w\" sizes=\"auto, (max-width: 801px) 100vw, 801px\" \/><\/p>\n<p style=\"text-align: center;\">Fonte: <a href=\"https:\/\/www.bcb.gov.br\/\">https:\/\/www.bcb.gov.br\/<\/a><\/p>\n<p>Olhando para as proje\u00e7\u00f5es do gr\u00e1fico acima fica a pergunta: diante de tantos altos e baixos, para onde vai a taxa de juros em 2020?<\/p>\n<p>O Copom j\u00e1 deixou claro em sua \u00faltima ata, publicada em maio, que ir\u00e1 considerar o impacto do COVID-19 nas pr\u00f3ximas proje\u00e7\u00f5es, sendo assim, podemos projetar mais quedas na taxa? Seria o caso de nos tornarmos um pa\u00eds com pol\u00edticas monet\u00e1rias parecidas com a do Jap\u00e3o ou dos EUA?<\/p>\n<p>No item 23 da ata, o Copom diz: \u201cPara a pr\u00f3xima reuni\u00e3o, condicional ao cen\u00e1rio fiscal e \u00e0 conjuntura econ\u00f4mica, o Comit\u00ea considera um \u00faltimo ajuste, n\u00e3o maior do que o atual, para complementar o grau de est\u00edmulo necess\u00e1rio como rea\u00e7\u00e3o \u00e0s consequ\u00eancias econ\u00f4micas da pandemia da Covid-19\u201d.<\/p>\n<p>Como tenho dito em posts anteriores, vivemos uma pol\u00edtica monet\u00e1ria expansionista, neste cen\u00e1rio, o governo tem como foco reduzir a taxa de juros, mas o agravante do momento \u00e9 que o Brasil \u00e9 um pa\u00eds com d\u00e9ficit prim\u00e1rio (n\u00e3o temos condi\u00e7\u00f5es de quitar os gastos do governo com a arrecada\u00e7\u00e3o de impostos) e isso poder\u00e1 significar uma poss\u00edvel impress\u00e3o de moeda, o que acarretar\u00e1 em infla\u00e7\u00e3o a longo prazo, a mesma infla\u00e7\u00e3o que foi combatida no governo de FHC.<\/p>\n<p>Ainda existe um quadro que demonstra que, com o aumento do desemprego, os pre\u00e7os dos produtos tamb\u00e9m poder\u00e3o ser corrigidos. Neste caso, um governo que possui d\u00edvida interna ainda ter\u00e1 que auxiliar o povo que n\u00e3o possuir\u00e1 renda.<\/p>\n<p>Se seguirmos o exemplo dos EUA, a resposta ent\u00e3o seria reduzir a taxa de juros a patamares perto de 1%. Realizamos uma proje\u00e7\u00e3o conforme demonstra o gr\u00e1fico abaixo:<\/p>\n<p><img loading=\"lazy\" decoding=\"async\" class=\"aligncenter size-full wp-image-922\" src=\"http:\/\/webapp388536.ip-198-58-123-167.cloudezapp.io\/crescendojuntos\/wp-content\/uploads\/2020\/06\/tabela_previsao.png\" alt=\"\" width=\"807\" height=\"511\" srcset=\"https:\/\/cefsa.org.br\/crescendojuntos\/wp-content\/uploads\/2020\/06\/tabela_previsao.png 807w, https:\/\/cefsa.org.br\/crescendojuntos\/wp-content\/uploads\/2020\/06\/tabela_previsao-300x190.png 300w, https:\/\/cefsa.org.br\/crescendojuntos\/wp-content\/uploads\/2020\/06\/tabela_previsao-768x486.png 768w\" sizes=\"auto, (max-width: 807px) 100vw, 807px\" \/><\/p>\n<p>Caso se confirme esta proje\u00e7\u00e3o, poderemos atingir esses n\u00edveis nos pr\u00f3ximos meses. Esta medida poderia conter a infla\u00e7\u00e3o a curto prazo, todavia parece que o governo e o minist\u00e9rio da economia ter\u00e3o um \u00e1rduo trabalho para conter os impactos do COVID-19.<\/p>\n<p>Enquanto isso, permanecemos realizando as pol\u00edticas de seguran\u00e7a e seguindo as orienta\u00e7\u00f5es dos \u00f3rg\u00e3os da sa\u00fade.<\/p>\n<p>&nbsp;<\/p>\n<p>&nbsp;<\/p>\n<p><strong><em>Colabora\u00e7\u00e3o: Eduardo Cezar de Oliveira (Professor da FTT)<\/em><\/strong><\/p>\n<p><em>Graduado em Administra\u00e7\u00e3o<\/em><\/p>\n<p><em>Mestre em Contabilidade<\/em><\/p>\n<p><em>Doutorando em Finan\u00e7as<\/em><\/p>\n","protected":false},"excerpt":{"rendered":"<p>Na \u00faltima reuni\u00e3o do Comit\u00ea de Pol\u00edtica Monet\u00e1ria (Copom), os membros decidiram de maneira un\u00e2nime reduzir 0,75 pontos da Taxa Selic, nossa taxa b\u00e1sica de juros, passando para 3% ao ano. Mas esse n\u00e3o \u00e9 o menor patamar hist\u00f3rico. Em&#8230;<\/p>\n","protected":false},"author":3,"featured_media":919,"comment_status":"open","ping_status":"open","sticky":false,"template":"","format":"standard","meta":{"footnotes":""},"categories":[16],"tags":[],"class_list":["post-917","post","type-post","status-publish","format-standard","has-post-thumbnail","hentry","category-educacao"],"_links":{"self":[{"href":"https:\/\/cefsa.org.br\/crescendojuntos\/wp-json\/wp\/v2\/posts\/917","targetHints":{"allow":["GET"]}}],"collection":[{"href":"https:\/\/cefsa.org.br\/crescendojuntos\/wp-json\/wp\/v2\/posts"}],"about":[{"href":"https:\/\/cefsa.org.br\/crescendojuntos\/wp-json\/wp\/v2\/types\/post"}],"author":[{"embeddable":true,"href":"https:\/\/cefsa.org.br\/crescendojuntos\/wp-json\/wp\/v2\/users\/3"}],"replies":[{"embeddable":true,"href":"https:\/\/cefsa.org.br\/crescendojuntos\/wp-json\/wp\/v2\/comments?post=917"}],"version-history":[{"count":0,"href":"https:\/\/cefsa.org.br\/crescendojuntos\/wp-json\/wp\/v2\/posts\/917\/revisions"}],"wp:featuredmedia":[{"embeddable":true,"href":"https:\/\/cefsa.org.br\/crescendojuntos\/wp-json\/wp\/v2\/media\/919"}],"wp:attachment":[{"href":"https:\/\/cefsa.org.br\/crescendojuntos\/wp-json\/wp\/v2\/media?parent=917"}],"wp:term":[{"taxonomy":"category","embeddable":true,"href":"https:\/\/cefsa.org.br\/crescendojuntos\/wp-json\/wp\/v2\/categories?post=917"},{"taxonomy":"post_tag","embeddable":true,"href":"https:\/\/cefsa.org.br\/crescendojuntos\/wp-json\/wp\/v2\/tags?post=917"}],"curies":[{"name":"wp","href":"https:\/\/api.w.org\/{rel}","templated":true}]}}