{"id":905,"date":"2020-05-27T15:06:37","date_gmt":"2020-05-27T18:06:37","guid":{"rendered":"http:\/\/webapp388536.ip-198-58-123-167.cloudezapp.io\/crescendojuntos\/?p=905"},"modified":"2023-02-22T11:23:55","modified_gmt":"2023-02-22T14:23:55","slug":"desvendando-a-gramatica","status":"publish","type":"post","link":"https:\/\/cefsa.org.br\/crescendojuntos\/desvendando-a-gramatica\/","title":{"rendered":"Desvendando a Gram\u00e1tica"},"content":{"rendered":"<p>J\u00e1 ficou impressa na mente das pessoas a express\u00e3o \u201cerro de Portugu\u00eas\u201d, considerado uma falha imperdo\u00e1vel, especialmente por parte das pessoas que estudaram e tiveram uma forma\u00e7\u00e3o escolar, pelo menos o ensino m\u00e9dio. No entanto, a lingu\u00edstica, ci\u00eancia que tem por objeto a linguagem humana em seus aspectos fon\u00e9tico, morfol\u00f3gico, sint\u00e1tico, sem\u00e2ntico, social e psicol\u00f3gico, n\u00e3o admite tal conceito. Segundo os maiores estudiosos no assunto, n\u00e3o se pode falar em erro, e sim, uso inadequado de tal palavra, express\u00e3o, uso verbal ou qualquer dos elementos constitutivos da linguagem (falada ou escrita).<\/p>\n<p>A gram\u00e1tica \u00e9 apenas um dos aspectos no estudo da l\u00edngua. Trata-se de um conjunto de regras que determinam o uso considerado \u201ccorreto\u201d da l\u00edngua, tendo-se em mente que o termo \u201ccorreto\u201d est\u00e1 diretamente relacionado ao conceito de norma culta, modelo de padr\u00f5es lingu\u00edsticos, usado normalmente pelas camadas mais escolarizadas da sociedade, especialmente em momentos espec\u00edficos em que se exige certo grau de formalidade, tais como em entrevistas, congressos, simp\u00f3sios, aulas, nos meios de comunica\u00e7\u00e3o (televis\u00e3o e r\u00e1dio) e, principalmente, na escrita.<\/p>\n<p>Portanto, dominar a norma culta, ou norma padr\u00e3o, \u00e9 um importante atributo para todos aqueles que se prop\u00f5em a expressar suas ideias, opini\u00f5es ou conhecimentos de modo formal, na linguagem oral e, principalmente, na escrita.<\/p>\n<p>Nossa proposta \u00e9 esclarecer algumas das d\u00favidas mais comuns no campo gramatical no intuito de colaborar com quem se interessa pelo assunto. Estamos \u00e0 inteira disposi\u00e7\u00e3o dos leitores para sanar qualquer incerteza ou dificuldade que possa surgir quanto ao uso da norma culta.<\/p>\n<ul>\n<li>Uso da letra \u201cH\u201d:<\/li>\n<\/ul>\n<p>A letra \u201ch\u201d s\u00f3 deve ser usada no in\u00edcio das palavras (<em>h\u00e1lito, homem, higiene<\/em>) e n\u00e3o representa um fonema, ou seja, n\u00e3o tem som. Seu uso \u00e9 devido \u00e0 tradi\u00e7\u00e3o hist\u00f3rica (palavras advindas do latim, l\u00edngua que deu origem \u00e0 l\u00edngua portuguesa). Obs.: n\u00e3o se deve usar \u201ch\u201d no interior das palavras. Exemplos: <em>desarmonia, lobisomem, desumano, reaver<\/em> etc. No entanto, ele deve ser utilizado em palavras compostas, quando o segundo elemento estiver ligado ao anterior por meio de h\u00edfen. Exemplos: <em>anti-higi\u00eanico, pr\u00e9-hist\u00f3ria, sobre-humano, super-homem<\/em> etc.<\/p>\n<p>&nbsp;<\/p>\n<ul>\n<li>Mal e mau<\/li>\n<\/ul>\n<p>Essas duas palavrinhas sempre causam confus\u00e3o, principalmente para quem escreve. <strong>Mal<\/strong> \u00e9 um adv\u00e9rbio, expressa circunst\u00e2ncia. Exemplos: <em>mal-educado, jogar mal, mal humorado <\/em>etc. Pode ser tamb\u00e9m um substantivo, quando vem seguido pelo artigo \u201co\u201d. Exemplo: o <em>mal <\/em>que os homens fazem. <strong>Mau<\/strong> \u00e9 um adjetivo, tem por fun\u00e7\u00e3o qualificar um substantivo. Exemplos: <em>mau elemento<\/em>, <em>mau humor<\/em>, <em>mau aluno<\/em> etc. Para n\u00e3o se enganar no uso de qualquer um deles, basta fazer a oposi\u00e7\u00e3o entre seus ant\u00f4nimos: <strong>Mau<\/strong> \u00e9 o oposto de <strong>bom<\/strong>; <strong>mal <\/strong>\u00e9 o oposto de <strong>bem<\/strong>. Exemplos: Gilson \u00e9 um <em>mau<\/em> profissional (<em>bom<\/em> profissional). Mariana estava se sentindo <em>mal <\/em>(se sentindo <em>bem<\/em>).<\/p>\n<p>&nbsp;<\/p>\n<p>Caso voc\u00ea tenha alguma d\u00favida gramatical ou referente \u00e0 reda\u00e7\u00e3o de algum texto, envie-a para o e-mail crescendojuntos@cefsa.edu.br . Ela ser\u00e1 esclarecida nesta se\u00e7\u00e3o do nosso blog.<\/p>\n<p><em>Colabora\u00e7\u00e3o: S\u00e9rgio Martins (ex-professor do CEFSA e atual colaborador do Setor de Comunica\u00e7\u00e3o nos servi\u00e7os de revis\u00e3o de textos)<\/em><\/p>\n","protected":false},"excerpt":{"rendered":"<p>J\u00e1 ficou impressa na mente das pessoas a express\u00e3o \u201cerro de Portugu\u00eas\u201d, considerado uma falha imperdo\u00e1vel, especialmente por parte das pessoas que estudaram e tiveram uma forma\u00e7\u00e3o escolar, pelo menos o ensino m\u00e9dio. No entanto, a lingu\u00edstica, ci\u00eancia que tem&#8230;<\/p>\n","protected":false},"author":3,"featured_media":906,"comment_status":"open","ping_status":"open","sticky":false,"template":"","format":"standard","meta":{"footnotes":""},"categories":[26,16],"tags":[],"class_list":["post-905","post","type-post","status-publish","format-standard","has-post-thumbnail","hentry","category-destaque","category-educacao"],"_links":{"self":[{"href":"https:\/\/cefsa.org.br\/crescendojuntos\/wp-json\/wp\/v2\/posts\/905","targetHints":{"allow":["GET"]}}],"collection":[{"href":"https:\/\/cefsa.org.br\/crescendojuntos\/wp-json\/wp\/v2\/posts"}],"about":[{"href":"https:\/\/cefsa.org.br\/crescendojuntos\/wp-json\/wp\/v2\/types\/post"}],"author":[{"embeddable":true,"href":"https:\/\/cefsa.org.br\/crescendojuntos\/wp-json\/wp\/v2\/users\/3"}],"replies":[{"embeddable":true,"href":"https:\/\/cefsa.org.br\/crescendojuntos\/wp-json\/wp\/v2\/comments?post=905"}],"version-history":[{"count":0,"href":"https:\/\/cefsa.org.br\/crescendojuntos\/wp-json\/wp\/v2\/posts\/905\/revisions"}],"wp:featuredmedia":[{"embeddable":true,"href":"https:\/\/cefsa.org.br\/crescendojuntos\/wp-json\/wp\/v2\/media\/906"}],"wp:attachment":[{"href":"https:\/\/cefsa.org.br\/crescendojuntos\/wp-json\/wp\/v2\/media?parent=905"}],"wp:term":[{"taxonomy":"category","embeddable":true,"href":"https:\/\/cefsa.org.br\/crescendojuntos\/wp-json\/wp\/v2\/categories?post=905"},{"taxonomy":"post_tag","embeddable":true,"href":"https:\/\/cefsa.org.br\/crescendojuntos\/wp-json\/wp\/v2\/tags?post=905"}],"curies":[{"name":"wp","href":"https:\/\/api.w.org\/{rel}","templated":true}]}}