{"id":723,"date":"2019-11-13T09:50:01","date_gmt":"2019-11-13T12:50:01","guid":{"rendered":"http:\/\/webapp388536.ip-198-58-123-167.cloudezapp.io\/crescendojuntos\/?p=723"},"modified":"2019-11-13T09:50:01","modified_gmt":"2019-11-13T12:50:01","slug":"indicacao-de-obras-jose-saramago","status":"publish","type":"post","link":"https:\/\/cefsa.org.br\/crescendojuntos\/indicacao-de-obras-jose-saramago\/","title":{"rendered":"INDICA\u00c7\u00c3O DE OBRAS: JOS\u00c9 SARAMAGO"},"content":{"rendered":"<p>Jos\u00e9 de Sousa Saramago (16\/11\/1922 &#8211; 18\/6\/2010) foi um escritor portugu\u00eas, considerado o respons\u00e1vel pelo reconhecimento internacional da prosa em l\u00edngua portuguesa, que recebeu diversos pr\u00eamios em sua carreira, entre eles, o Pr\u00eamio Nobel de Literatura em 1998, o primeiro a conquistar tal honraria em l\u00edngua portuguesa.<\/p>\n<p>O autor publicou seu primeiro livro aos 25 anos; a partir da\u00ed escreveu muitos outros, todos de grande sucesso, como O Evangelho Segundo Jesus Cristo, A Caverna, O ensaio sobre a lucidez e O ensaio sobre a cegueira, este \u00faltimo adaptado para o cinema em 2008.<\/p>\n<p>Jos\u00e9 Saramago foi membro do Partido Comunista Portugu\u00eas; em 1992, destacou-se como um dos fundadores da Frente Nacional para a Defesa da Cultura (FNDC) e em 2007 constituiu a Funda\u00e7\u00e3o Jos\u00e9 Saramago para a defesa e difus\u00e3o da Declara\u00e7\u00e3o Universal dos Direitos Humanos e dos problemas do meio ambiente.<\/p>\n<p>Saramago faleceu no dia 18 de junho de 2010, aos 87 anos de idade, na sua casa em Lanzarote, v\u00edtima de leucemia cr\u00f4nica.\u00a0 O seu funeral teve honras de Estado; seu corpo foi cremado no Cemit\u00e9rio do Alto de S\u00e3o Jo\u00e3o, e as cinzas foram depositadas aos p\u00e9s de uma oliveira, em Lisboa.<\/p>\n<p>\u201cEste mundo n\u00e3o presta, venha outro. \/ J\u00e1 por tempo de mais aqui andamos \/ A fingir de raz\u00f5es suficientes. \/ Sejamos c\u00e3es do c\u00e3o: sabemos tudo \/ De morder os mais fracos se mandamos, \/ E de lamber as m\u00e3os, se dependentes.\u201d Jos\u00e9 Saramago, Poemas Poss\u00edveis &#8211; 1966.<\/p>\n<p><em>\u00a0<\/em><strong>INDICA\u00c7\u00d5ES DE LIVROS:<\/strong><\/p>\n<p>\u2022 Memorial do convento<br \/>\n\u2022 Ensaio sobre a cegueira<br \/>\n\u2022 Ensaio sobre a lucidez<br \/>\n\u2022\u00a0 O evangelho segundo Jesus Cristo<br \/>\n\u2022\u00a0 A caverna<br \/>\n\u2022\u00a0 A maior flor do mundo<\/p>\n<p><strong><em>Rafael Giovede Costa (Colaborador do setor de Disciplina)<\/em><\/strong><\/p>\n","protected":false},"excerpt":{"rendered":"<p>Jos\u00e9 de Sousa Saramago (16\/11\/1922 &#8211; 18\/6\/2010) foi um escritor portugu\u00eas, considerado o respons\u00e1vel pelo reconhecimento internacional da prosa em l\u00edngua portuguesa, que recebeu diversos pr\u00eamios em sua carreira, entre eles, o Pr\u00eamio Nobel de Literatura em 1998, o primeiro&#8230;<\/p>\n","protected":false},"author":3,"featured_media":724,"comment_status":"open","ping_status":"open","sticky":false,"template":"","format":"standard","meta":{"footnotes":""},"categories":[14],"tags":[],"class_list":["post-723","post","type-post","status-publish","format-standard","has-post-thumbnail","hentry","category-literatura"],"_links":{"self":[{"href":"https:\/\/cefsa.org.br\/crescendojuntos\/wp-json\/wp\/v2\/posts\/723","targetHints":{"allow":["GET"]}}],"collection":[{"href":"https:\/\/cefsa.org.br\/crescendojuntos\/wp-json\/wp\/v2\/posts"}],"about":[{"href":"https:\/\/cefsa.org.br\/crescendojuntos\/wp-json\/wp\/v2\/types\/post"}],"author":[{"embeddable":true,"href":"https:\/\/cefsa.org.br\/crescendojuntos\/wp-json\/wp\/v2\/users\/3"}],"replies":[{"embeddable":true,"href":"https:\/\/cefsa.org.br\/crescendojuntos\/wp-json\/wp\/v2\/comments?post=723"}],"version-history":[{"count":0,"href":"https:\/\/cefsa.org.br\/crescendojuntos\/wp-json\/wp\/v2\/posts\/723\/revisions"}],"wp:featuredmedia":[{"embeddable":true,"href":"https:\/\/cefsa.org.br\/crescendojuntos\/wp-json\/wp\/v2\/media\/724"}],"wp:attachment":[{"href":"https:\/\/cefsa.org.br\/crescendojuntos\/wp-json\/wp\/v2\/media?parent=723"}],"wp:term":[{"taxonomy":"category","embeddable":true,"href":"https:\/\/cefsa.org.br\/crescendojuntos\/wp-json\/wp\/v2\/categories?post=723"},{"taxonomy":"post_tag","embeddable":true,"href":"https:\/\/cefsa.org.br\/crescendojuntos\/wp-json\/wp\/v2\/tags?post=723"}],"curies":[{"name":"wp","href":"https:\/\/api.w.org\/{rel}","templated":true}]}}