{"id":607,"date":"2019-09-09T09:04:39","date_gmt":"2019-09-09T12:04:39","guid":{"rendered":"http:\/\/webapp388536.ip-198-58-123-167.cloudezapp.io\/crescendojuntos\/?p=607"},"modified":"2019-09-09T09:04:39","modified_gmt":"2019-09-09T12:04:39","slug":"vida-a-nossa-travessia","status":"publish","type":"post","link":"https:\/\/cefsa.org.br\/crescendojuntos\/vida-a-nossa-travessia\/","title":{"rendered":"Vida: a nossa travessia"},"content":{"rendered":"<p>A travessia, para o c\u00e9lebre escritor brasileiro Jo\u00e3o Guimar\u00e3es Rosa, autor de \u201cSagarana\u201d e \u201cGrande Sert\u00e3o: Veredas\u201d, deveria ser a coisa mais importante a ser levada em conta por qualquer pessoa, e n\u00e3o os seus limites, como nos \u00e9 mostrado na m\u00e1xima dele: \u201cDigo: o real n\u00e3o est\u00e1 na sa\u00edda nem na chegada: ele se disp\u00f5e para a gente \u00e9 na travessia\u201d.\u00a0 Pode-se analisar que uma poss\u00edvel inten\u00e7\u00e3o do autor era a de relacionar essa travessia com o que chamamos de vida, mostrando que o ato de viver \u00e9 muito mais significativo do que supomos e que dever\u00edamos valoriz\u00e1-la e celebr\u00e1-la.<\/p>\n<p>Por um lado, durante nosso viver, pessoas entram e saem de nosso c\u00edrculo social, demonstrando um aspecto fundamental do nosso ser: o fato de sermos indiv\u00edduos que possuem a necessidade de intera\u00e7\u00e3o social dentro de um grupo, seja com uma, seja com v\u00e1rias pessoas. E \u00e9 justamente isso que, direta ou indiretamente, d\u00e1-nos um suplemento para comemorarmos as alegrias e felicidades de nossas vidas. Ou seja, n\u00e3o \u00e9 que uma pessoa precise de outra para ser feliz, mas, atrav\u00e9s de seu conv\u00edvio com outrem, as euforias de nossa travessia fazem-se mais efetivas, pois teremos com quem compartilh\u00e1-las, com quem celebr\u00e1-las, e com quem valoriz\u00e1-las. Em suma, nossa felicidade e nossa alegria ficam mais fortalecidas com a participa\u00e7\u00e3o de outras pessoas.<\/p>\n<figure id=\"attachment_608\" aria-describedby=\"caption-attachment-608\" style=\"width: 780px\" class=\"wp-caption aligncenter\"><img loading=\"lazy\" decoding=\"async\" class=\"size-large wp-image-608\" src=\"http:\/\/webapp388536.ip-198-58-123-167.cloudezapp.io\/crescendojuntos\/wp-content\/uploads\/2019\/09\/ilustra\u00e7\u00e3o-1024x689.jpg\" alt=\"\" width=\"780\" height=\"525\" srcset=\"https:\/\/cefsa.org.br\/crescendojuntos\/wp-content\/uploads\/2019\/09\/ilustra\u00e7\u00e3o-1024x689.jpg 1024w, https:\/\/cefsa.org.br\/crescendojuntos\/wp-content\/uploads\/2019\/09\/ilustra\u00e7\u00e3o-300x202.jpg 300w, https:\/\/cefsa.org.br\/crescendojuntos\/wp-content\/uploads\/2019\/09\/ilustra\u00e7\u00e3o-768x517.jpg 768w, https:\/\/cefsa.org.br\/crescendojuntos\/wp-content\/uploads\/2019\/09\/ilustra\u00e7\u00e3o-1560x1049.jpg 1560w\" sizes=\"auto, (max-width: 780px) 100vw, 780px\" \/><figcaption id=\"caption-attachment-608\" class=\"wp-caption-text\">Ilustra\u00e7\u00e3o: Fernanda Kaori Condo<\/figcaption><\/figure>\n<p>Por outro lado, ao compartilharmos situa\u00e7\u00f5es alegres de nossas vidas com outras pessoas, n\u00e3o somente estaremos refor\u00e7ando a nossa felicidade, mas tamb\u00e9m contribuindo para contagi\u00e1-las com nossa alegria. Al\u00e9m de terem as emo\u00e7\u00f5es caracter\u00edsticas individuais, elas possuem tamb\u00e9m um aspecto coletivo, de modo a interligar as pessoas daquela sociedade. Isso acontece gra\u00e7as ao fato de a felicidade ser passada de um para outro, e assim sucessivamente, criando uma rea\u00e7\u00e3o em cadeia que, por fim, entrela\u00e7a os indiv\u00edduos para uma felicidade coletiva, n\u00e3o somente os envolvidos diretamente, mas integrando tamb\u00e9m aqueles que o fizeram indiretamente. Logo, a rea\u00e7\u00e3o do compartilhamento de a\u00e7\u00f5es e acontecimentos felizes \u00e9 a de atingir outras pessoas, espalhando esse sentimento \u00fanico e maravilhoso nas vidas delas.<\/p>\n<p>Naturalmente, fica claro o papel diferencial das pessoas nas emo\u00e7\u00f5es e sentimentos de outras: podemos tanto enrijecer nossa felicidade quanto transmiti-la e irradi\u00e1-la a outros indiv\u00edduos. Com isso, fazemos parte de um processo de desenvolvimento de bem-estar social, com a felicidade e a alegria sendo, o seu \u00e1pice, tornando as pessoas ainda mais saud\u00e1veis no que tange ao \u00e2mbito emocional de suas vidas. Logo, cabe a n\u00f3s, integrantes da sociedade, ampliarmos nossa conscientiza\u00e7\u00e3o sobre a import\u00e2ncia dessa pr\u00e1tica, de modo que possamos deixar a sociedade em que vivemos ainda mais animada, exultante, agrad\u00e1vel, benigna e florescente.<\/p>\n<p><em><strong>Texto: Lucca de Rossi (Aluno da 3\u00aa s\u00e9rie do Ensino M\u00e9dio, do Col\u00e9gio Termomecanica)<br \/>\nIlustra\u00e7\u00e3o: Fernanda Kaori Condo (Aluna da 3\u00aa s\u00e9rie do Ensino M\u00e9dio, do Col\u00e9gio Termomecanica)<br \/>\n<\/strong><\/em><\/p>\n","protected":false},"excerpt":{"rendered":"<p>A travessia, para o c\u00e9lebre escritor brasileiro Jo\u00e3o Guimar\u00e3es Rosa, autor de \u201cSagarana\u201d e \u201cGrande Sert\u00e3o: Veredas\u201d, deveria ser a coisa mais importante a ser levada em conta por qualquer pessoa, e n\u00e3o os seus limites, como nos \u00e9 mostrado&#8230;<\/p>\n","protected":false},"author":3,"featured_media":609,"comment_status":"open","ping_status":"open","sticky":false,"template":"","format":"standard","meta":{"footnotes":""},"categories":[13],"tags":[],"class_list":["post-607","post","type-post","status-publish","format-standard","has-post-thumbnail","hentry","category-bem-estar"],"_links":{"self":[{"href":"https:\/\/cefsa.org.br\/crescendojuntos\/wp-json\/wp\/v2\/posts\/607","targetHints":{"allow":["GET"]}}],"collection":[{"href":"https:\/\/cefsa.org.br\/crescendojuntos\/wp-json\/wp\/v2\/posts"}],"about":[{"href":"https:\/\/cefsa.org.br\/crescendojuntos\/wp-json\/wp\/v2\/types\/post"}],"author":[{"embeddable":true,"href":"https:\/\/cefsa.org.br\/crescendojuntos\/wp-json\/wp\/v2\/users\/3"}],"replies":[{"embeddable":true,"href":"https:\/\/cefsa.org.br\/crescendojuntos\/wp-json\/wp\/v2\/comments?post=607"}],"version-history":[{"count":0,"href":"https:\/\/cefsa.org.br\/crescendojuntos\/wp-json\/wp\/v2\/posts\/607\/revisions"}],"wp:featuredmedia":[{"embeddable":true,"href":"https:\/\/cefsa.org.br\/crescendojuntos\/wp-json\/wp\/v2\/media\/609"}],"wp:attachment":[{"href":"https:\/\/cefsa.org.br\/crescendojuntos\/wp-json\/wp\/v2\/media?parent=607"}],"wp:term":[{"taxonomy":"category","embeddable":true,"href":"https:\/\/cefsa.org.br\/crescendojuntos\/wp-json\/wp\/v2\/categories?post=607"},{"taxonomy":"post_tag","embeddable":true,"href":"https:\/\/cefsa.org.br\/crescendojuntos\/wp-json\/wp\/v2\/tags?post=607"}],"curies":[{"name":"wp","href":"https:\/\/api.w.org\/{rel}","templated":true}]}}