{"id":1670,"date":"2025-07-15T09:03:56","date_gmt":"2025-07-15T12:03:56","guid":{"rendered":"https:\/\/cefsa.org.br\/crescendojuntos\/?p=1670"},"modified":"2025-07-24T09:05:06","modified_gmt":"2025-07-24T12:05:06","slug":"o-impacto-do-branding-como-a-cultura-impulsiona-negocios","status":"publish","type":"post","link":"https:\/\/cefsa.org.br\/crescendojuntos\/o-impacto-do-branding-como-a-cultura-impulsiona-negocios\/","title":{"rendered":"O Impacto do Branding: como a cultura impulsiona neg\u00f3cios"},"content":{"rendered":"\n<p>O branding vai muito al\u00e9m de identidade visual ou publicidade. Ele \u00e9 a gest\u00e3o estrat\u00e9gica de um ativo intang\u00edvel que n\u00e3o apenas impulsiona o crescimento dos neg\u00f3cios, mas tamb\u00e9m gera conex\u00f5es aut\u00eanticas com o p\u00fablico.<\/p>\n\n\n\n<p>Mais do que vender um produto ou servi\u00e7o, marcas bem-sucedidas se tornam parte da cultura e moldam o mundo ao seu redor. Quer entender como o branding se relaciona com a cultura e pode transformar marcas? Continue lendo!<\/p>\n\n\n\n<h2 class=\"wp-block-heading\"><a><\/a>Branding como reflexo da cultura empresarial<\/h2>\n\n\n\n<p>O que torna uma organiza\u00e7\u00e3o verdadeiramente relevante? A resposta n\u00e3o est\u00e1 apenas na qualidade do que ela oferece, mas no impacto que gera na sociedade.<\/p>\n\n\n\n<p>O branding eficaz est\u00e1 profundamente enraizado na cultura em que est\u00e1 inserido, funcionando como um espelho e um motor de transforma\u00e7\u00e3o.<\/p>\n\n\n\n<p>No Brasil, por exemplo, 83% dos brasileiros sentem orgulho de sua nacionalidade (fonte: Valometry). No entanto, esse orgulho nem sempre se traduz em valor para marcas locais. Como transformar a brasilidade em diferencial competitivo e conex\u00e3o aut\u00eantica?<\/p>\n\n\n\n<h2 class=\"wp-block-heading\"><a><\/a>Cultura como pot\u00eancia econ\u00f4mica<\/h2>\n\n\n\n<p>A cultura \u00e9 muito mais do que express\u00e3o art\u00edstica, \u00e9 geradora de riqueza. A economia criativa no Brasil representa 3,11% do PIB, superando setores tradicionais como o automotivo (2,5%) (fonte: ECIC).<\/p>\n\n\n\n<p>O carnaval de 2024, por exemplo, movimentou R$ 5 bilh\u00f5es, evidenciando seu impacto(potencial) cultural e financeiro. Fora do Brasil, a turn\u00ea The Eras Tour, de Taylor Swift, injetou US$ 4,3 bilh\u00f5es no PIB dos EUA em 2023, tamanha sua influ\u00eancia na economia daquele pa\u00eds (fonte: Voc\u00ea S.A.).<\/p>\n\n\n\n<p>Da mesma forma, os ensaios de carnaval da cantora Anitta faturaram R$ 30 milh\u00f5es em 2024 com apenas 10 shows, mostrando como eventos culturais podem se tornar modelos de neg\u00f3cio sustent\u00e1veis.<\/p>\n\n\n\n<h2 class=\"wp-block-heading\"><a><\/a>O poder da influ\u00eancia cultural<\/h2>\n\n\n\n<p>O Brasil lidera o ranking mundial de influenciadores digitais, com mais de 500 mil criadores de conte\u00fado. Esse fen\u00f4meno ressalta o &#8220;Efeito Fernanda Torres&#8221;: a capacidade de vozes brasileiras se projetarem globalmente, ampliando o impacto da nossa cultura.<\/p>\n\n\n\n<p>Quando um povo compartilha algo em comum, cria-se uma pot\u00eancia imbat\u00edvel. Figuras como Nelson Rodrigues e Candeia s\u00e3o exemplos de como a cultura brasileira se manifesta em diversas formas art\u00edsticas, gerando identidade e pertencimento.<\/p>\n\n\n\n<h2 class=\"wp-block-heading\"><a><\/a>Case de Sucesso: a virada cultural da Coreia do Sul<strong><\/strong><\/h2>\n\n\n\n<p>Em 1960, o PIB da Coreia do Sul era de apenas US$ 158 milh\u00f5es. Em 2023, atingiu US$ 35,5 trilh\u00f5es. Um dos pilares dessa ascens\u00e3o foi o investimento governamental em cultura e educa\u00e7\u00e3o.<\/p>\n\n\n\n<p>A ind\u00fastria do entretenimento sul-coreana conquistou o mundo com estrat\u00e9gias de branding cultural bem estruturadas.<\/p>\n\n\n\n<p>O filme Parasita, vencedor do Oscar em 2020, \u00e9 um exemplo de como o pa\u00eds soube exportar sua identidade e construir relev\u00e2ncia global. Al\u00e9m disso, os doramas t\u00eam conquistado os brasileiros e o mundo.<\/p>\n\n\n\n<p>Mais do que boas produ\u00e7\u00f5es, a Coreia criou um forte senso de comunidade e pertencimento atrav\u00e9s do seu branding cultural.<\/p>\n\n\n\n<h2 class=\"wp-block-heading\"><a><\/a>Marcas e o esp\u00edrito do tempo<strong><\/strong><\/h2>\n\n\n\n<p>&#8220;Marcas relevantes, que t\u00eam capital cultural e geram impacto, s\u00e3o ativas no esp\u00edrito do tempo&#8221; \u2013 frase de Ana Couto, CEO da ag\u00eancia anacouto e da plataforma de conte\u00fado e aprendizagem LAJE. O branding eficaz n\u00e3o se resume <s>a<\/s> em criar logotipos ou campanhas publicit\u00e1rias. Ele envolve uma conex\u00e3o profunda com a cultura, influenciando e sendo influenciado por ela. Marcas que compreendem isso se tornam atemporais e essenciais para seus p\u00fablicos.<\/p>\n\n\n\n<p><strong>\u2022 Alunas:<\/strong> Layse Bernardo de Almeida, Rackel Fernandes Vieira<br><strong>\u2022 Orientador:<\/strong> Jorge Luiz Azevedo<\/p>\n","protected":false},"excerpt":{"rendered":"<p>O branding vai muito al\u00e9m de identidade visual ou publicidade. Ele \u00e9 a gest\u00e3o estrat\u00e9gica de um ativo intang\u00edvel que n\u00e3o apenas impulsiona o crescimento dos neg\u00f3cios, mas tamb\u00e9m gera conex\u00f5es aut\u00eanticas com o p\u00fablico. Mais do que vender um&#8230;<\/p>\n","protected":false},"author":3,"featured_media":1671,"comment_status":"open","ping_status":"closed","sticky":false,"template":"","format":"standard","meta":{"footnotes":""},"categories":[31],"tags":[],"class_list":["post-1670","post","type-post","status-publish","format-standard","has-post-thumbnail","hentry","category-administracao"],"_links":{"self":[{"href":"https:\/\/cefsa.org.br\/crescendojuntos\/wp-json\/wp\/v2\/posts\/1670","targetHints":{"allow":["GET"]}}],"collection":[{"href":"https:\/\/cefsa.org.br\/crescendojuntos\/wp-json\/wp\/v2\/posts"}],"about":[{"href":"https:\/\/cefsa.org.br\/crescendojuntos\/wp-json\/wp\/v2\/types\/post"}],"author":[{"embeddable":true,"href":"https:\/\/cefsa.org.br\/crescendojuntos\/wp-json\/wp\/v2\/users\/3"}],"replies":[{"embeddable":true,"href":"https:\/\/cefsa.org.br\/crescendojuntos\/wp-json\/wp\/v2\/comments?post=1670"}],"version-history":[{"count":0,"href":"https:\/\/cefsa.org.br\/crescendojuntos\/wp-json\/wp\/v2\/posts\/1670\/revisions"}],"wp:featuredmedia":[{"embeddable":true,"href":"https:\/\/cefsa.org.br\/crescendojuntos\/wp-json\/wp\/v2\/media\/1671"}],"wp:attachment":[{"href":"https:\/\/cefsa.org.br\/crescendojuntos\/wp-json\/wp\/v2\/media?parent=1670"}],"wp:term":[{"taxonomy":"category","embeddable":true,"href":"https:\/\/cefsa.org.br\/crescendojuntos\/wp-json\/wp\/v2\/categories?post=1670"},{"taxonomy":"post_tag","embeddable":true,"href":"https:\/\/cefsa.org.br\/crescendojuntos\/wp-json\/wp\/v2\/tags?post=1670"}],"curies":[{"name":"wp","href":"https:\/\/api.w.org\/{rel}","templated":true}]}}