{"id":1346,"date":"2023-08-21T08:07:47","date_gmt":"2023-08-21T11:07:47","guid":{"rendered":"http:\/\/webapp388536.ip-198-58-123-167.cloudezapp.io\/crescendojuntos\/?p=1346"},"modified":"2023-08-21T08:16:32","modified_gmt":"2023-08-21T11:16:32","slug":"a-gente-vive-pela-arte-por-isso-se-apaixona","status":"publish","type":"post","link":"https:\/\/cefsa.org.br\/crescendojuntos\/a-gente-vive-pela-arte-por-isso-se-apaixona\/","title":{"rendered":"A gente vive pela arte. Por isso se apaixona."},"content":{"rendered":"\n<p>\u201cQuando um poeta morre as palavras ficam \u00f3rf\u00e3s. Cada poeta \u00e9 \u00fanico e sabe do seu labor. [&#8230;] Por que os versos escolhem umas pessoas e n\u00e3o outras? E por que passam a ser de todos ap\u00f3s lapidadas?\u201d (do livro Ref\u00fagio no S\u00e1bado, de Miriam Leit\u00e3o)<\/p>\n\n\n\n<p>Se h\u00e1 o dia em que nos despedimos da arte que fazemos, h\u00e1 o dia em que a vemos nascer em n\u00f3s. Sem bater \u00e0 porta, pedir licen\u00e7a ou se desculpar pelo inc\u00f4modo, a arte, de repente, escolhe ficar.<\/p>\n\n\n\n<p>E pode ser que passe uma vida inteira sem que a gente saiba que ela est\u00e1 aqui e s\u00f3 sintamos tudo queimar sem ter a coragem de p\u00f4r para fora o que a gente sente. Mas quando se sabe, \u00e9 como respirar; \u00e9 como perceber que at\u00e9 aquele momento tudo aquilo que n\u00e3o fazia muita raz\u00e3o de ser, tornou-se n\u00edtido, enfim, e agora, sim, a gente pode viver.<\/p>\n\n\n\n<p>Ent\u00e3o a arte vem, e a gente se apaixona. A gente se apaixona pelo brilho no olho. A gente se apaixona pelo instante sem o caos, a agonia e o p\u00e2nico. A gente se apaixona por conhecer a n\u00f3s mesmos sem mais o medo de nos enxergar. A gente se apaixona por se entender enquanto parte de algum lugar, mesmo que nele n\u00e3o haja ningu\u00e9m. A gente se apaixona por ouvir a nossa voz. A gente se apaixona at\u00e9 pelo desconforto dos nossos pensamentos. A gente se apaixona por descobrir as palavras, as cores, os tra\u00e7os e as m\u00fasicas, como se existir fosse novidade. A gente se apaixona por se sentir vivo. A gente se apaixona, sobretudo, por sentir a paix\u00e3o de fazer, simplesmente, arte.<\/p>\n\n\n\n<p>A gente realmente se apaixona, e por isso d\u00f3i v\u00ea-la ir embora aos poucos todas as vezes em que precisamos entregar nossa aten\u00e7\u00e3o \u00e0s coisas concretas, esquecendo-se de como t\u00ednhamos nos apaixonado pela abstra\u00e7\u00e3o. A gente se despede como se a necessidade de um anulasse a exist\u00eancia do outro; como se fosse f\u00e1cil banir todo momento de paz porque ocupa tempo demais se concentrar no que n\u00e3o \u00e9 t\u00e3o importante: a arte!<\/p>\n\n\n\n<p>Quase sem querer, a gente abdica de tudo aquilo que nos mant\u00e9m vivos porque esquecemos que o expressar-se n\u00e3o ocupa um espa\u00e7o sequer que pesa na rotina; toda essa leveza do fazer art\u00edstico, na verdade, preenche. Preenche de tal forma que consegue acessar toda parte da gente que j\u00e1 tentou se esquecer de como se ama e se satisfaz de outra que nos lembra que amar \u00e9 o primeiro passo para se fazer arte e, ent\u00e3o, existir. Se as palavras ficam \u00f3rf\u00e3s, que escrevamos tanto que elas herdem toda a poesia do mundo.<\/p>\n\n\n\n<p><strong>\u2022\u00a0Autor:<\/strong>\u00a0Bianca Monteiro dos Santos, aluna do Ensino M\u00e9dio, do Col\u00e9gio Engenheiro Salvador Arena.<br><strong>\u2022 Orientador:<\/strong>\u00a0professor Denis Oliveira da Silva.<\/p>\n","protected":false},"excerpt":{"rendered":"<p>\u201cQuando um poeta morre as palavras ficam \u00f3rf\u00e3s. Cada poeta \u00e9 \u00fanico e sabe do seu labor. [&#8230;] Por que os versos escolhem umas pessoas e n\u00e3o outras? E por que passam a ser de todos ap\u00f3s lapidadas?\u201d (do livro&#8230;<\/p>\n","protected":false},"author":3,"featured_media":1347,"comment_status":"open","ping_status":"open","sticky":false,"template":"","format":"standard","meta":{"footnotes":""},"categories":[26,35],"tags":[29],"class_list":["post-1346","post","type-post","status-publish","format-standard","has-post-thumbnail","hentry","category-destaque","category-ensino-medio","tag-arte"],"_links":{"self":[{"href":"https:\/\/cefsa.org.br\/crescendojuntos\/wp-json\/wp\/v2\/posts\/1346","targetHints":{"allow":["GET"]}}],"collection":[{"href":"https:\/\/cefsa.org.br\/crescendojuntos\/wp-json\/wp\/v2\/posts"}],"about":[{"href":"https:\/\/cefsa.org.br\/crescendojuntos\/wp-json\/wp\/v2\/types\/post"}],"author":[{"embeddable":true,"href":"https:\/\/cefsa.org.br\/crescendojuntos\/wp-json\/wp\/v2\/users\/3"}],"replies":[{"embeddable":true,"href":"https:\/\/cefsa.org.br\/crescendojuntos\/wp-json\/wp\/v2\/comments?post=1346"}],"version-history":[{"count":0,"href":"https:\/\/cefsa.org.br\/crescendojuntos\/wp-json\/wp\/v2\/posts\/1346\/revisions"}],"wp:featuredmedia":[{"embeddable":true,"href":"https:\/\/cefsa.org.br\/crescendojuntos\/wp-json\/wp\/v2\/media\/1347"}],"wp:attachment":[{"href":"https:\/\/cefsa.org.br\/crescendojuntos\/wp-json\/wp\/v2\/media?parent=1346"}],"wp:term":[{"taxonomy":"category","embeddable":true,"href":"https:\/\/cefsa.org.br\/crescendojuntos\/wp-json\/wp\/v2\/categories?post=1346"},{"taxonomy":"post_tag","embeddable":true,"href":"https:\/\/cefsa.org.br\/crescendojuntos\/wp-json\/wp\/v2\/tags?post=1346"}],"curies":[{"name":"wp","href":"https:\/\/api.w.org\/{rel}","templated":true}]}}