{"id":1111,"date":"2021-01-11T10:06:20","date_gmt":"2021-01-11T13:06:20","guid":{"rendered":"http:\/\/webapp388536.ip-198-58-123-167.cloudezapp.io\/crescendojuntos\/?p=1111"},"modified":"2021-01-11T10:32:52","modified_gmt":"2021-01-11T13:32:52","slug":"tecnicas-de-redacao-parte-xii-os-sete-requisitos-do-bom-texto","status":"publish","type":"post","link":"https:\/\/cefsa.org.br\/crescendojuntos\/tecnicas-de-redacao-parte-xii-os-sete-requisitos-do-bom-texto\/","title":{"rendered":"T\u00e9cnicas de Reda\u00e7\u00e3o \u2013 Parte XII \u2013 Os Sete Requisitos do Bom Texto"},"content":{"rendered":"<p>Nesta p\u00e1gina, encerramos o estudo sobre os requisitos do bom texto t\u00e9cnico, apresentando os dois itens finais desse conte\u00fado.<\/p>\n<p><em>6\u00ba) \u201cMantenha a ordem e o equil\u00edbrio do texto.\u201d<\/em><\/p>\n<p>Muitas reda\u00e7\u00f5es perdem sua for\u00e7a devido \u00e0 desorganiza\u00e7\u00e3o e ao embaralhamento das ideias. \u00c0s vezes, a pessoa que redige apresenta uma ideia importante completamente isolada, logo no in\u00edcio; acrescenta informa\u00e7\u00f5es amb\u00edguas a seguir; volta a enunciar a mesma ideia num momento seguinte e termina o texto de forma confusa e abrupta.<\/p>\n<p>Para evitar que isso aconte\u00e7a, mantenha-se atrelado ao esquema de reda\u00e7\u00e3o, item j\u00e1 visto em cap\u00edtulos anteriores deste curso, que lhe dar\u00e1 uma vis\u00e3o global do que ser\u00e1 desenvolvido, e n\u00e3o perca de vista as tr\u00eas partes fundamentais do texto. Al\u00e9m disso, d\u00ea especial aten\u00e7\u00e3o \u00e0 ordem dos par\u00e1grafos. Ap\u00f3s o t\u00edtulo e o par\u00e1grafo introdut\u00f3rio, onde se evidencia o t\u00f3pico frasal, tamb\u00e9m j\u00e1 apresentado anteriormente, os demais par\u00e1grafos devem ser dispostos de modo a conduzir, logicamente, \u00e0 conclus\u00e3o.<\/p>\n<p>A ordem, a divis\u00e3o e o equil\u00edbrio do texto dependem fundamentalmente dos par\u00e1grafos. Portanto, deve haver um par\u00e1grafo para cada aspecto do assunto ou tema. \u00c9 comum encontrarmos frases separadas, que deveriam estar no mesmo par\u00e1grafo, ou frases que estariam melhor abrindo um novo per\u00edodo inclu\u00eddas num \u00fanico par\u00e1grafo. Isso deve ser evitado. Um texto bem organizado e equilibrado \u00e9 mais f\u00e1cil de ser lido e compreendido. A ordena\u00e7\u00e3o pode ser ditada por princ\u00edpios l\u00f3gicos, cronol\u00f3gicos e\/ou espaciais.<\/p>\n<p>Uma t\u00e9cnica muito usada \u00e9 a da extens\u00e3o: em trabalhos curtos, apresentam-se as ideias em import\u00e2ncia crescente (fatos menos relevantes no in\u00edcio, ideias fundamentais no fim); em textos longos, exp\u00f5e-se a ideia ou o fato mais importante logo no come\u00e7o, elementos complementares no desenvolvimento e reitera\u00e7\u00e3o da ideia principal na conclus\u00e3o.<\/p>\n<p><em>7\u00ba) \u201cProcure dar \u00eanfase aos aspectos fundamentais.\u201d<\/em><\/p>\n<p>Toda reda\u00e7\u00e3o, em alguma de suas partes, enfatiza um determinado aspecto do assunto tratado. A \u00eanfase est\u00e1 presente em qualquer tipo de texto, esteja ou n\u00e3o o autor consciente disso. Mas ela s\u00f3 ir\u00e1 surtir efeito quando soubermos distinguir e ressaltar os pontos essenciais de nossa composi\u00e7\u00e3o escrita, fazendo com que se sobressaiam dos indispens\u00e1veis pormenores. Ou seja, distinguir as ideias principais das secund\u00e1rias \u00e9 vital para quem pretende escrever bem.<\/p>\n<p>Existem m\u00faltiplas maneiras de se dar \u00eanfase ao texto. Por exemplo, usando-se t\u00edtulo, subt\u00edtulo, itens, palavras ou frases sublinhadas, destacadas, entre aspas ou par\u00eanteses, frases curtas e incisivas etc. Come\u00e7os e finais s\u00e3o de grande import\u00e2ncia. J\u00e1 foi constatado por meio de pesquisas que a maioria dos leitores l\u00ea e assimila o primeiro e o \u00faltimo par\u00e1grafos. As palavras mais lembradas, em geral, s\u00e3o as primeiras e as \u00faltimas; assim, devemos eliminar frases introdut\u00f3rias e conclusivas dispens\u00e1veis.<\/p>\n<p>Por\u00e9m, se voc\u00ea achar necess\u00e1rio destacar um aspecto relevante do que est\u00e1 sendo apresentado no texto, repita palavras-chave. \u00c9 recomend\u00e1vel, tamb\u00e9m, assinalar no esquema de reda\u00e7\u00e3o os pontos que voc\u00ea deseja enfatizar, e depois concluir a terceira etapa, certificando-se de que eles foram realmente destacados no texto.<\/p>\n<p>Nos pr\u00f3ximos cap\u00edtulos, estaremos tratando da finaliza\u00e7\u00e3o do trabalho de escrita e um ponto que merece muita aten\u00e7\u00e3o a quem deseja se desenvolver na \u00e1rdua tarefa de escrever bem: as part\u00edculas de transi\u00e7\u00e3o e as palavras de refer\u00eancia.<\/p>\n<p>&nbsp;<\/p>\n<p>Leia as publica\u00e7\u00f5es anteriores sobre os \u201cRequisitos para um Bom Texto\u201d:<\/p>\n<p><em><a href=\"http:\/\/webapp388536.ip-198-58-123-167.cloudezapp.io\/crescendojuntos\/tecnicas-de-redacao-parte-ix-os-sete-requisitos-do-bom-texto\/\">1\u00ba) \u201cN\u00e3o construir frases muito longas, nem muito curtas.\u201d<\/a><\/em><\/p>\n<p><a href=\"http:\/\/webapp388536.ip-198-58-123-167.cloudezapp.io\/crescendojuntos\/tecnicas-de-redacao-parte-ix-os-sete-requisitos-do-bom-texto\/\">2\u00ba) \u201cD\u00ea uma sequ\u00eancia l\u00f3gica ao texto.\u201d<\/a><\/p>\n<p><a href=\"http:\/\/webapp388536.ip-198-58-123-167.cloudezapp.io\/crescendojuntos\/tecnicas-de-redacao-parte-x-os-sete-requisitos-do-bom-texto-cont\/\">3\u00ba) \u201cTente obedecer \u00e0 organiza\u00e7\u00e3o b\u00e1sica do texto.\u201d<\/a><\/p>\n<p><a href=\"http:\/\/webapp388536.ip-198-58-123-167.cloudezapp.io\/crescendojuntos\/tecnicas-de-redacao-parte-x-os-sete-requisitos-do-bom-texto-cont\/\">4\u00ba) \u201cProcure construir bons par\u00e1grafos.\u201d<\/a><\/p>\n<p><a href=\"http:\/\/webapp388536.ip-198-58-123-167.cloudezapp.io\/crescendojuntos\/tecnicas-de-redacao-parte-xi-os-sete-requisitos-do-bom-texto-cont\/\">5\u00ba) \u201cTente respeitar ao m\u00e1ximo as qualidades essenciais de um bom texto t\u00e9cnico.\u201d<\/a><\/p>\n<p>&nbsp;<\/p>\n<p><em>Colabora\u00e7\u00e3o: S\u00e9rgio Martins (ex-professor do CEFSA e atual colaborador do Setor de Comunica\u00e7\u00e3o nos servi\u00e7os de revis\u00e3o de textos)<\/em><\/p>\n","protected":false},"excerpt":{"rendered":"<p>Nesta p\u00e1gina, encerramos o estudo sobre os requisitos do bom texto t\u00e9cnico, apresentando os dois itens finais desse conte\u00fado. 6\u00ba) \u201cMantenha a ordem e o equil\u00edbrio do texto.\u201d Muitas reda\u00e7\u00f5es perdem sua for\u00e7a devido \u00e0 desorganiza\u00e7\u00e3o e ao embaralhamento das&#8230;<\/p>\n","protected":false},"author":3,"featured_media":932,"comment_status":"open","ping_status":"open","sticky":false,"template":"","format":"standard","meta":{"footnotes":""},"categories":[16],"tags":[],"class_list":["post-1111","post","type-post","status-publish","format-standard","has-post-thumbnail","hentry","category-educacao"],"_links":{"self":[{"href":"https:\/\/cefsa.org.br\/crescendojuntos\/wp-json\/wp\/v2\/posts\/1111","targetHints":{"allow":["GET"]}}],"collection":[{"href":"https:\/\/cefsa.org.br\/crescendojuntos\/wp-json\/wp\/v2\/posts"}],"about":[{"href":"https:\/\/cefsa.org.br\/crescendojuntos\/wp-json\/wp\/v2\/types\/post"}],"author":[{"embeddable":true,"href":"https:\/\/cefsa.org.br\/crescendojuntos\/wp-json\/wp\/v2\/users\/3"}],"replies":[{"embeddable":true,"href":"https:\/\/cefsa.org.br\/crescendojuntos\/wp-json\/wp\/v2\/comments?post=1111"}],"version-history":[{"count":0,"href":"https:\/\/cefsa.org.br\/crescendojuntos\/wp-json\/wp\/v2\/posts\/1111\/revisions"}],"wp:featuredmedia":[{"embeddable":true,"href":"https:\/\/cefsa.org.br\/crescendojuntos\/wp-json\/wp\/v2\/media\/932"}],"wp:attachment":[{"href":"https:\/\/cefsa.org.br\/crescendojuntos\/wp-json\/wp\/v2\/media?parent=1111"}],"wp:term":[{"taxonomy":"category","embeddable":true,"href":"https:\/\/cefsa.org.br\/crescendojuntos\/wp-json\/wp\/v2\/categories?post=1111"},{"taxonomy":"post_tag","embeddable":true,"href":"https:\/\/cefsa.org.br\/crescendojuntos\/wp-json\/wp\/v2\/tags?post=1111"}],"curies":[{"name":"wp","href":"https:\/\/api.w.org\/{rel}","templated":true}]}}