{"id":1037,"date":"2020-10-06T14:54:29","date_gmt":"2020-10-06T17:54:29","guid":{"rendered":"http:\/\/webapp388536.ip-198-58-123-167.cloudezapp.io\/crescendojuntos\/?p=1037"},"modified":"2020-10-06T14:54:29","modified_gmt":"2020-10-06T17:54:29","slug":"desvendando-a-gramatica-parte-viii","status":"publish","type":"post","link":"https:\/\/cefsa.org.br\/crescendojuntos\/desvendando-a-gramatica-parte-viii\/","title":{"rendered":"Desvendando a Gram\u00e1tica \u2013 Parte VIII"},"content":{"rendered":"<p>Uma das classes gramaticais que mais d\u00favidas traz a quem escreve \u00e9 o verbo, especialmente no que diz respeito \u00e0 sua reg\u00eancia. Neste artigo, vamos tratar de alguns dos verbos mais comuns que quase sempre aparecem nos textos com falhas de reg\u00eancia, notadamente no que diz respeito ao uso (ou n\u00e3o) de preposi\u00e7\u00e3o.<\/p>\n<ol>\n<li><strong><em>Chegar <\/em><\/strong>e <strong><em>Ir:<\/em><\/strong> embora na linguagem falada a maioria das pessoas use a preposi\u00e7\u00e3o \u201cem\u201d ap\u00f3s estes verbos, de acordo com a norma culta o correto \u00e9 usar \u201ca\u201d. Exemplos: \u201c<strong>Chegaremos a<\/strong> Belo Horizonte ao anoitecer\u201d. \u201c<strong>Cheguei a<\/strong> minha casa cansado e desanimado.\u201d \u201cVov\u00f3 <strong>vai ao<\/strong> dentista amanh\u00e3.\u201d \u201c<strong>Fomos a<\/strong> Bras\u00edlia no feriado.\u201d \u201c<strong>Vamos <\/strong>todos <strong>ao<\/strong> baile da primavera.\u201d<\/li>\n<li><strong><em>Aspirar<\/em><\/strong>: no sentido de \u201cinalar\u201d, \u201cabsorver\u201d \u00e9 transitivo direto, ou seja, n\u00e3o se deve usar preposi\u00e7\u00e3o. Exemplos: \u201c<strong>Aspirar o<\/strong> ar do campo.\u201d \u201c<strong>Aspirar o<\/strong> p\u00f3 do tapete.\u201d Quando significa \u201calmejar\u201d, \u201cambicionar\u201d, \u201cdesejar muito\u201d, deve ser regido com a preposi\u00e7\u00e3o \u201ca\u201d. Exemplos: \u201cEle sempre <strong>aspirou a<\/strong> esse emprego.\u201d \u201cNunca <strong>aspirei a<\/strong> ser rico.\u201d<\/li>\n<li><strong><em>Assistir: <\/em><\/strong>quando representa a ideia de \u201cprestar assist\u00eancia, socorrer\u201d deve ser usado sem preposi\u00e7\u00e3o. Exemplos: \u201cO bombeiro <strong>assistiu o<\/strong> doente por horas.\u201d \u201dA advogada <strong>assistiu o<\/strong> r\u00e9u durante o julgamento.\u201d Nas acep\u00e7\u00f5es de \u201cser espectador\u201d ou \u201ccaber\u201d, a preposi\u00e7\u00e3o \u201ca\u201d \u00e9 necess\u00e1ria. Exemplos: \u201cN\u00e3o <strong>assisto a<\/strong> jogos de futebol.\u201d \u201cCrian\u00e7as n\u00e3o podem <strong>assistir a<\/strong> esse programa.\u201d \u201cEsse direito n\u00e3o <strong>assiste aos<\/strong>\u201d<\/li>\n<li><strong><em>Atender:<\/em><\/strong> se o complemento do verbo for uma pessoa, pode ser usado com ou sem preposi\u00e7\u00e3o. Exemplos: \u201cO presidente n\u00e3o <strong>atendeu os\/aos<\/strong>\u201d \u201cA prefeitura <strong>atender\u00e1 todos \/ a todos<\/strong> os mun\u00edcipes.\u201d Se o complemento for coisa, \u00e9 preciso usar a preposi\u00e7\u00e3o. Exemplos: \u201cA secret\u00e1ria <strong>atendeu ao<\/strong> telefone.\u201d \u201cN\u00e3o <strong>atenda \u00e0<\/strong> porta ap\u00f3s as 18 horas.\u201d<\/li>\n<li><strong><em>Esquecer:<\/em><\/strong> se for usado como verbo pronominal (acompanhado de pronome obl\u00edquo \u2013 me, te, se etc.) deve ser seguido da preposi\u00e7\u00e3o \u201cde\u201d. Exemplo: \u201c<strong>Esqueci-me de<\/strong> trazer meus documentos.\u201d \u201cN\u00e3o <strong>se esque\u00e7am de<\/strong> fechar o cofre.\u201d N\u00e3o sendo usado o pronome obl\u00edquo, n\u00e3o h\u00e1 necessidade da preposi\u00e7\u00e3o. Exemplo. \u201cJoana <strong>esqueceu a<\/strong> bolsa no metr\u00f4\u201d. \u201cVamos <strong>esquecer e<\/strong>sse fato.\u201d<\/li>\n<li><strong><em>Lembrar: <\/em><\/strong>segue a mesma regra adotada para o verbo esquecer. Exemplos: \u201cN\u00e3o <strong>me lembro da<\/strong> hora exata do acidente.\u201d \u201cN\u00e3o <strong>lembro o<\/strong> seu nome.\u201d Este verbo, por\u00e9m, conta com outros significados: \u201cfazer recordar\u201d. Exemplo: \u201cEsse rapaz <strong>lembra o<\/strong> pai em tudo.\u201d (sem preposi\u00e7\u00e3o); \u201cadvertir, recordar\u201d (com preposi\u00e7\u00e3o): \u201c<strong>Lembrei a<\/strong> todos do dia da prova.\u201d \u201c<strong>Lembrei aos<\/strong> presentes que j\u00e1 passava da meia-noite.\u201d<\/li>\n<li><strong><em>Implicar:<\/em><\/strong> no sentido de \u201cacarretar\u201d usa-se sem preposi\u00e7\u00e3o. Exemplo: \u201cToda a\u00e7\u00e3o <strong>implica uma<\/strong> rea\u00e7\u00e3o igual e contr\u00e1ria.\u201d \u201cAquela atitude <strong>implicou sua<\/strong> demiss\u00e3o.\u201d Quando traz a significa\u00e7\u00e3o de \u201cter implic\u00e2ncia\u201d, deve ser regido pela preposi\u00e7\u00e3o \u201ccom\u201d. Exemplo: \u201cO velho <strong>implicava com<\/strong> todo mundo.\u201d<\/li>\n<li><strong><em>Obedecer <\/em><\/strong>e <strong><em>Desobedecer:<\/em><\/strong> ambos exigem sempre a preposi\u00e7\u00e3o \u201ca\u201d. Exemplos: \u201cBons filhos <strong>obedecem a<\/strong> seus pais.\u201d \u201c<strong>Obede\u00e7a<\/strong> sempre <strong>aos<\/strong> regulamentos da empresa.\u201d \u201cEle <strong>desobedeceu ao<\/strong>\u201d<\/li>\n<li><strong><em>Morar <\/em><\/strong>e<strong><em> Residir: <\/em><\/strong>devem ser regidos sempre pela preposi\u00e7\u00e3o \u201cem\u201d e n\u00e3o por \u201ca\u201d. Exemplos: \u201c<strong>Moro em<\/strong> bairro pobre.\u201d \u201c<strong>Residimos na<\/strong> (em + a) mesma casa por muitos anos.\u201d<\/li>\n<li><strong><em>Namorar: <\/em><\/strong>\u00e9 um verbo transitivo direto, ou seja, n\u00e3o exige preposi\u00e7\u00e3o, apesar de quase sempre ser usado na linguagem coloquial acompanhado da preposi\u00e7\u00e3o \u201ccom\u201d: \u201cVoc\u00ea est\u00e1 <strong>namorando <\/strong>algu\u00e9m?\u201d \u201cSelma <strong>namorou <\/strong>Jo\u00e3o por muitos anos.\u201d \u201cEstou <strong>namorando<\/strong> aquele carro h\u00e1 muito tempo.\u201d<\/li>\n<li><strong><em>Simpatizar <\/em><\/strong>e<strong><em> antipatizar:<\/em><\/strong> ambos os verbos exigem a preposi\u00e7\u00e3o \u201ccom\u201d. Exemplos: \u201cN\u00e3o <strong>simpatizo com<\/strong> o novo chefe.\u201d \u201c<strong>Antipatizo com<\/strong> meu professor de Hist\u00f3ria.\u201d \u201c<strong>Simpatizamos com<\/strong> suas ideias.\u201d<\/li>\n<li><strong><em>Preferir: <\/em><\/strong>deve ser usado com a preposi\u00e7\u00e3o \u201ca\u201d, e n\u00e3o com a express\u00e3o \u201cdo que\u201d. Exemplos: \u201c<strong>Prefiro <\/strong>dan\u00e7ar <strong>a <\/strong>fazer gin\u00e1stica\u201d. \u201cAs crian\u00e7as <strong>preferem<\/strong> doces <strong>a<\/strong> frutas\u201d. Obs.: com este verbo, deve-se evitar complementos como \u201cmil vezes\u201d, \u201cmuito mais\u201d, \u201cantes\u201d, \u201cmilh\u00f5es de vezes\u201d, \u201cmais\u201d, uma vez que no prefixo \u201cpre\u201d j\u00e1 est\u00e1 embutida a ideia de anterioridade.<\/li>\n<\/ol>\n<p>No pr\u00f3ximo artigo, trataremos de problemas de <strong>reg\u00eancia nominal<\/strong>, que tamb\u00e9m geram muitas d\u00favidas.<\/p>\n<p>&nbsp;<\/p>\n<p><em>Colabora\u00e7\u00e3o: S\u00e9rgio Martins (ex-professor do CEFSA e atual colaborador do Setor de Comunica\u00e7\u00e3o nos servi\u00e7os de revis\u00e3o de textos)<\/em><\/p>\n","protected":false},"excerpt":{"rendered":"<p>Uma das classes gramaticais que mais d\u00favidas traz a quem escreve \u00e9 o verbo, especialmente no que diz respeito \u00e0 sua reg\u00eancia. Neste artigo, vamos tratar de alguns dos verbos mais comuns que quase sempre aparecem nos textos com falhas&#8230;<\/p>\n","protected":false},"author":3,"featured_media":906,"comment_status":"open","ping_status":"open","sticky":false,"template":"","format":"standard","meta":{"footnotes":""},"categories":[16],"tags":[],"class_list":["post-1037","post","type-post","status-publish","format-standard","has-post-thumbnail","hentry","category-educacao"],"_links":{"self":[{"href":"https:\/\/cefsa.org.br\/crescendojuntos\/wp-json\/wp\/v2\/posts\/1037","targetHints":{"allow":["GET"]}}],"collection":[{"href":"https:\/\/cefsa.org.br\/crescendojuntos\/wp-json\/wp\/v2\/posts"}],"about":[{"href":"https:\/\/cefsa.org.br\/crescendojuntos\/wp-json\/wp\/v2\/types\/post"}],"author":[{"embeddable":true,"href":"https:\/\/cefsa.org.br\/crescendojuntos\/wp-json\/wp\/v2\/users\/3"}],"replies":[{"embeddable":true,"href":"https:\/\/cefsa.org.br\/crescendojuntos\/wp-json\/wp\/v2\/comments?post=1037"}],"version-history":[{"count":0,"href":"https:\/\/cefsa.org.br\/crescendojuntos\/wp-json\/wp\/v2\/posts\/1037\/revisions"}],"wp:featuredmedia":[{"embeddable":true,"href":"https:\/\/cefsa.org.br\/crescendojuntos\/wp-json\/wp\/v2\/media\/906"}],"wp:attachment":[{"href":"https:\/\/cefsa.org.br\/crescendojuntos\/wp-json\/wp\/v2\/media?parent=1037"}],"wp:term":[{"taxonomy":"category","embeddable":true,"href":"https:\/\/cefsa.org.br\/crescendojuntos\/wp-json\/wp\/v2\/categories?post=1037"},{"taxonomy":"post_tag","embeddable":true,"href":"https:\/\/cefsa.org.br\/crescendojuntos\/wp-json\/wp\/v2\/tags?post=1037"}],"curies":[{"name":"wp","href":"https:\/\/api.w.org\/{rel}","templated":true}]}}